{"id":7351,"date":"2023-11-28T11:44:03","date_gmt":"2023-11-28T06:44:03","guid":{"rendered":"https:\/\/mbt.mv\/?p=7351"},"modified":"2023-11-28T11:44:03","modified_gmt":"2023-11-28T06:44:03","slug":"maldives-enters-into-trade-agreement-with-turkiye","status":"publish","type":"post","link":"https:\/\/mbt.mv\/?p=7351","title":{"rendered":"Maldives enters into trade agreement with T\u00fcrkiye"},"content":{"rendered":"<p>Maldives has signed on a trade and economic agreement with T\u00fcrkiye.<\/p>\n<p>The &#8220;Agreement on Trade and Economic Cooperation Between the Government of the Republic of Maldives and the Government of the Republic of T\u00fcrkiye&#8221; was signed during President Dr. Mohamed Muizzu&#8217;s official visit to T\u00fcrkiye, during his meeting with the Turkish President Recep Tayyip Erdo\u011fan.<\/p>\n<p>The agreement was signed by Minister of Economic Development Mohamed Saeed on behalf of the Maldivian government and Professor Dr. Omer Bolat, the Minister of Trade on behalf of Turkish government, in the presence of Presidents Muizzu and Erdo\u011fan.<\/p>\n<p>Both leaders met for official talks, after which the agreement was signed.<\/p>\n<p>At the official talks, President Muizzu noted the bilateral partnership between the Maldives and T\u00fcrkiye is strong, adding that the ties will be expanded in new areas of cooperation.<\/p>\n<p>The two discussed on expanding cooperation in areas of trade, investment, renewable energy, and higher education.<\/p>\n<p>President Muizzu expressed profound appreciation to the Turkish President and the country&#8217;s people for the support extended to the Maldives in various socio-economic development areas.<\/p>\n","protected":false},"excerpt":{"rendered":"<p>Maldives has signed on a trade and economic agreement with T\u00fcrkiye. The &#8220;Agreement on Trade and Economic Cooperation Between the Government of the Republic of Maldives and the Government of the Republic of T\u00fcrkiye&#8221; was signed during President Dr. Mohamed Muizzu&#8217;s official visit to T\u00fcrkiye, during his meeting with the Turkish President Recep Tayyip Erdo\u011fan.<\/p>\n","protected":false},"author":4,"featured_media":7352,"comment_status":"open","ping_status":"open","sticky":false,"template":"","format":"standard","meta":{"footnotes":""},"categories":[2423,2428],"tags":[1257,1708,1771,2192,2195],"class_list":{"0":"post-7351","1":"post","2":"type-post","3":"status-publish","4":"format-standard","5":"has-post-thumbnail","7":"category-business","8":"category-public-sector","9":"tag-maldives","10":"tag-president-dr-mohamed-muizzu","11":"tag-recep-tayyip-erdogan","12":"tag-turkey","13":"tag-turkiye"},"yoast_head":"<!-- This site is optimized with the Yoast SEO plugin v26.0 - https:\/\/yoast.com\/wordpress\/plugins\/seo\/ -->\n<title>Maldives enters into trade agreement with T\u00fcrkiye - Maldives Business Times<\/title>\n<meta name=\"robots\" content=\"index, follow, max-snippet:-1, max-image-preview:large, max-video-preview:-1\" \/>\n<link rel=\"canonical\" href=\"https:\/\/mbt.mv\/?p=7351\" \/>\n<meta property=\"og:locale\" content=\"en_US\" \/>\n<meta property=\"og:type\" content=\"article\" \/>\n<meta property=\"og:title\" content=\"Maldives enters into trade agreement with T\u00fcrkiye - Maldives Business Times\" \/>\n<meta property=\"og:description\" content=\"Maldives has signed on a trade and economic agreement with T\u00fcrkiye. The &#8220;Agreement on Trade and Economic Cooperation Between the Government of the Republic of Maldives and the Government of the Republic of T\u00fcrkiye&#8221; was signed during President Dr. Mohamed Muizzu&#8217;s official visit to T\u00fcrkiye, during his meeting with the Turkish President Recep Tayyip Erdo\u011fan.\" \/>\n<meta property=\"og:url\" content=\"https:\/\/mbt.mv\/?p=7351\" \/>\n<meta property=\"og:site_name\" content=\"Maldives Business Times\" \/>\n<meta property=\"article:publisher\" content=\"https:\/\/www.facebook.com\/mvbiztimes\" \/>\n<meta property=\"article:published_time\" content=\"2023-11-28T06:44:03+00:00\" \/>\n<meta name=\"author\" content=\"Mohamed Reehaan\" \/>\n<meta name=\"twitter:card\" content=\"summary_large_image\" \/>\n<meta name=\"twitter:creator\" content=\"@mvbiztimes\" \/>\n<meta name=\"twitter:site\" content=\"@mvbiztimes\" \/>\n<meta name=\"twitter:label1\" content=\"Written by\" \/>\n\t<meta name=\"twitter:data1\" content=\"Mohamed Reehaan\" \/>\n\t<meta name=\"twitter:label2\" content=\"Est. reading time\" \/>\n\t<meta name=\"twitter:data2\" content=\"1 minute\" \/>\n<script type=\"application\/ld+json\" class=\"yoast-schema-graph\">{\"@context\":\"https:\/\/schema.org\",\"@graph\":[{\"@type\":\"Article\",\"@id\":\"https:\/\/mbt.mv\/?p=7351#article\",\"isPartOf\":{\"@id\":\"https:\/\/mbt.mv\/?p=7351\"},\"author\":{\"name\":\"Mohamed Reehaan\",\"@id\":\"https:\/\/mbt.mv\/#\/schema\/person\/a0eedc1134716e7c8e4da095494670c2\"},\"headline\":\"Maldives enters into trade agreement with T\u00fcrkiye\",\"datePublished\":\"2023-11-28T06:44:03+00:00\",\"mainEntityOfPage\":{\"@id\":\"https:\/\/mbt.mv\/?p=7351\"},\"wordCount\":192,\"commentCount\":0,\"publisher\":{\"@id\":\"https:\/\/mbt.mv\/#organization\"},\"image\":{\"@id\":\"https:\/\/mbt.mv\/?p=7351#primaryimage\"},\"thumbnailUrl\":\"\",\"keywords\":[\"Maldives\",\"President Dr. Mohamed Muizzu\",\"Recep Tayyip Erdo\u011fan\",\"Turkey\",\"T\u00fcrkiye\"],\"articleSection\":[\"BUSINESS\",\"PUBLIC SECTOR\"],\"inLanguage\":\"en-US\",\"potentialAction\":[{\"@type\":\"CommentAction\",\"name\":\"Comment\",\"target\":[\"https:\/\/mbt.mv\/?p=7351#respond\"]}]},{\"@type\":\"WebPage\",\"@id\":\"https:\/\/mbt.mv\/?p=7351\",\"url\":\"https:\/\/mbt.mv\/?p=7351\",\"name\":\"Maldives enters into trade agreement with T\u00fcrkiye - Maldives Business Times\",\"isPartOf\":{\"@id\":\"https:\/\/mbt.mv\/#website\"},\"primaryImageOfPage\":{\"@id\":\"https:\/\/mbt.mv\/?p=7351#primaryimage\"},\"image\":{\"@id\":\"https:\/\/mbt.mv\/?p=7351#primaryimage\"},\"thumbnailUrl\":\"\",\"datePublished\":\"2023-11-28T06:44:03+00:00\",\"breadcrumb\":{\"@id\":\"https:\/\/mbt.mv\/?p=7351#breadcrumb\"},\"inLanguage\":\"en-US\",\"potentialAction\":[{\"@type\":\"ReadAction\",\"target\":[\"https:\/\/mbt.mv\/?p=7351\"]}]},{\"@type\":\"ImageObject\",\"inLanguage\":\"en-US\",\"@id\":\"https:\/\/mbt.mv\/?p=7351#primaryimage\",\"url\":\"\",\"contentUrl\":\"\"},{\"@type\":\"BreadcrumbList\",\"@id\":\"https:\/\/mbt.mv\/?p=7351#breadcrumb\",\"itemListElement\":[{\"@type\":\"ListItem\",\"position\":1,\"name\":\"Home\",\"item\":\"https:\/\/mbt.mv\/\"},{\"@type\":\"ListItem\",\"position\":2,\"name\":\"Maldives enters into trade agreement with T\u00fcrkiye\"}]},{\"@type\":\"WebSite\",\"@id\":\"https:\/\/mbt.mv\/#website\",\"url\":\"https:\/\/mbt.mv\/\",\"name\":\"Maldives Business Times\",\"description\":\"Maldives Business Times delivers timely and in-depth English news on business, economy, and breaking events in the Maldives.\",\"publisher\":{\"@id\":\"https:\/\/mbt.mv\/#organization\"},\"potentialAction\":[{\"@type\":\"SearchAction\",\"target\":{\"@type\":\"EntryPoint\",\"urlTemplate\":\"https:\/\/mbt.mv\/?s={search_term_string}\"},\"query-input\":{\"@type\":\"PropertyValueSpecification\",\"valueRequired\":true,\"valueName\":\"search_term_string\"}}],\"inLanguage\":\"en-US\"},{\"@type\":\"Organization\",\"@id\":\"https:\/\/mbt.mv\/#organization\",\"name\":\"Maldives Business Times\",\"url\":\"https:\/\/mbt.mv\/\",\"logo\":{\"@type\":\"ImageObject\",\"inLanguage\":\"en-US\",\"@id\":\"https:\/\/mbt.mv\/#\/schema\/logo\/image\/\",\"url\":\"https:\/\/mbt.mv\/wp-content\/uploads\/2025\/02\/background_removed_image_x5KLRjOsQMGL6jgPS4Hiew.png\",\"contentUrl\":\"https:\/\/mbt.mv\/wp-content\/uploads\/2025\/02\/background_removed_image_x5KLRjOsQMGL6jgPS4Hiew.png\",\"width\":1312,\"height\":736,\"caption\":\"Maldives Business Times\"},\"image\":{\"@id\":\"https:\/\/mbt.mv\/#\/schema\/logo\/image\/\"},\"sameAs\":[\"https:\/\/www.facebook.com\/mvbiztimes\",\"https:\/\/x.com\/mvbiztimes\"]},{\"@type\":\"Person\",\"@id\":\"https:\/\/mbt.mv\/#\/schema\/person\/a0eedc1134716e7c8e4da095494670c2\",\"name\":\"Mohamed Reehaan\",\"image\":{\"@type\":\"ImageObject\",\"inLanguage\":\"en-US\",\"@id\":\"https:\/\/mbt.mv\/#\/schema\/person\/image\/\",\"url\":\"https:\/\/secure.gravatar.com\/avatar\/ac0f3a9111db774c387735910f0eeee4432a0db79cc936fe00f3f0fb05f1af6c?s=96&d=mm&r=g\",\"contentUrl\":\"https:\/\/secure.gravatar.com\/avatar\/ac0f3a9111db774c387735910f0eeee4432a0db79cc936fe00f3f0fb05f1af6c?s=96&d=mm&r=g\",\"caption\":\"Mohamed Reehaan\"},\"url\":\"https:\/\/mbt.mv\/?author=4\"}]}<\/script>\n<!-- \/ Yoast SEO plugin. -->","yoast_head_json":{"title":"Maldives enters into trade agreement with T\u00fcrkiye - Maldives Business Times","robots":{"index":"index","follow":"follow","max-snippet":"max-snippet:-1","max-image-preview":"max-image-preview:large","max-video-preview":"max-video-preview:-1"},"canonical":"https:\/\/mbt.mv\/?p=7351","og_locale":"en_US","og_type":"article","og_title":"Maldives enters into trade agreement with T\u00fcrkiye - Maldives Business Times","og_description":"Maldives has signed on a trade and economic agreement with T\u00fcrkiye. The &#8220;Agreement on Trade and Economic Cooperation Between the Government of the Republic of Maldives and the Government of the Republic of T\u00fcrkiye&#8221; was signed during President Dr. Mohamed Muizzu&#8217;s official visit to T\u00fcrkiye, during his meeting with the Turkish President Recep Tayyip Erdo\u011fan.","og_url":"https:\/\/mbt.mv\/?p=7351","og_site_name":"Maldives Business Times","article_publisher":"https:\/\/www.facebook.com\/mvbiztimes","article_published_time":"2023-11-28T06:44:03+00:00","author":"Mohamed Reehaan","twitter_card":"summary_large_image","twitter_creator":"@mvbiztimes","twitter_site":"@mvbiztimes","twitter_misc":{"Written by":"Mohamed Reehaan","Est. reading time":"1 minute"},"schema":{"@context":"https:\/\/schema.org","@graph":[{"@type":"Article","@id":"https:\/\/mbt.mv\/?p=7351#article","isPartOf":{"@id":"https:\/\/mbt.mv\/?p=7351"},"author":{"name":"Mohamed Reehaan","@id":"https:\/\/mbt.mv\/#\/schema\/person\/a0eedc1134716e7c8e4da095494670c2"},"headline":"Maldives enters into trade agreement with T\u00fcrkiye","datePublished":"2023-11-28T06:44:03+00:00","mainEntityOfPage":{"@id":"https:\/\/mbt.mv\/?p=7351"},"wordCount":192,"commentCount":0,"publisher":{"@id":"https:\/\/mbt.mv\/#organization"},"image":{"@id":"https:\/\/mbt.mv\/?p=7351#primaryimage"},"thumbnailUrl":"","keywords":["Maldives","President Dr. Mohamed Muizzu","Recep Tayyip Erdo\u011fan","Turkey","T\u00fcrkiye"],"articleSection":["BUSINESS","PUBLIC SECTOR"],"inLanguage":"en-US","potentialAction":[{"@type":"CommentAction","name":"Comment","target":["https:\/\/mbt.mv\/?p=7351#respond"]}]},{"@type":"WebPage","@id":"https:\/\/mbt.mv\/?p=7351","url":"https:\/\/mbt.mv\/?p=7351","name":"Maldives enters into trade agreement with T\u00fcrkiye - Maldives Business Times","isPartOf":{"@id":"https:\/\/mbt.mv\/#website"},"primaryImageOfPage":{"@id":"https:\/\/mbt.mv\/?p=7351#primaryimage"},"image":{"@id":"https:\/\/mbt.mv\/?p=7351#primaryimage"},"thumbnailUrl":"","datePublished":"2023-11-28T06:44:03+00:00","breadcrumb":{"@id":"https:\/\/mbt.mv\/?p=7351#breadcrumb"},"inLanguage":"en-US","potentialAction":[{"@type":"ReadAction","target":["https:\/\/mbt.mv\/?p=7351"]}]},{"@type":"ImageObject","inLanguage":"en-US","@id":"https:\/\/mbt.mv\/?p=7351#primaryimage","url":"","contentUrl":""},{"@type":"BreadcrumbList","@id":"https:\/\/mbt.mv\/?p=7351#breadcrumb","itemListElement":[{"@type":"ListItem","position":1,"name":"Home","item":"https:\/\/mbt.mv\/"},{"@type":"ListItem","position":2,"name":"Maldives enters into trade agreement with T\u00fcrkiye"}]},{"@type":"WebSite","@id":"https:\/\/mbt.mv\/#website","url":"https:\/\/mbt.mv\/","name":"Maldives Business Times","description":"Maldives Business Times delivers timely and in-depth English news on business, economy, and breaking events in the Maldives.","publisher":{"@id":"https:\/\/mbt.mv\/#organization"},"potentialAction":[{"@type":"SearchAction","target":{"@type":"EntryPoint","urlTemplate":"https:\/\/mbt.mv\/?s={search_term_string}"},"query-input":{"@type":"PropertyValueSpecification","valueRequired":true,"valueName":"search_term_string"}}],"inLanguage":"en-US"},{"@type":"Organization","@id":"https:\/\/mbt.mv\/#organization","name":"Maldives Business Times","url":"https:\/\/mbt.mv\/","logo":{"@type":"ImageObject","inLanguage":"en-US","@id":"https:\/\/mbt.mv\/#\/schema\/logo\/image\/","url":"https:\/\/mbt.mv\/wp-content\/uploads\/2025\/02\/background_removed_image_x5KLRjOsQMGL6jgPS4Hiew.png","contentUrl":"https:\/\/mbt.mv\/wp-content\/uploads\/2025\/02\/background_removed_image_x5KLRjOsQMGL6jgPS4Hiew.png","width":1312,"height":736,"caption":"Maldives Business Times"},"image":{"@id":"https:\/\/mbt.mv\/#\/schema\/logo\/image\/"},"sameAs":["https:\/\/www.facebook.com\/mvbiztimes","https:\/\/x.com\/mvbiztimes"]},{"@type":"Person","@id":"https:\/\/mbt.mv\/#\/schema\/person\/a0eedc1134716e7c8e4da095494670c2","name":"Mohamed Reehaan","image":{"@type":"ImageObject","inLanguage":"en-US","@id":"https:\/\/mbt.mv\/#\/schema\/person\/image\/","url":"https:\/\/secure.gravatar.com\/avatar\/ac0f3a9111db774c387735910f0eeee4432a0db79cc936fe00f3f0fb05f1af6c?s=96&d=mm&r=g","contentUrl":"https:\/\/secure.gravatar.com\/avatar\/ac0f3a9111db774c387735910f0eeee4432a0db79cc936fe00f3f0fb05f1af6c?s=96&d=mm&r=g","caption":"Mohamed Reehaan"},"url":"https:\/\/mbt.mv\/?author=4"}]}},"_links":{"self":[{"href":"https:\/\/mbt.mv\/index.php?rest_route=\/wp\/v2\/posts\/7351","targetHints":{"allow":["GET"]}}],"collection":[{"href":"https:\/\/mbt.mv\/index.php?rest_route=\/wp\/v2\/posts"}],"about":[{"href":"https:\/\/mbt.mv\/index.php?rest_route=\/wp\/v2\/types\/post"}],"author":[{"embeddable":true,"href":"https:\/\/mbt.mv\/index.php?rest_route=\/wp\/v2\/users\/4"}],"replies":[{"embeddable":true,"href":"https:\/\/mbt.mv\/index.php?rest_route=%2Fwp%2Fv2%2Fcomments&post=7351"}],"version-history":[{"count":0,"href":"https:\/\/mbt.mv\/index.php?rest_route=\/wp\/v2\/posts\/7351\/revisions"}],"wp:featuredmedia":[{"embeddable":true,"href":"https:\/\/mbt.mv\/index.php?rest_route=\/"}],"wp:attachment":[{"href":"https:\/\/mbt.mv\/index.php?rest_route=%2Fwp%2Fv2%2Fmedia&parent=7351"}],"wp:term":[{"taxonomy":"category","embeddable":true,"href":"https:\/\/mbt.mv\/index.php?rest_route=%2Fwp%2Fv2%2Fcategories&post=7351"},{"taxonomy":"post_tag","embeddable":true,"href":"https:\/\/mbt.mv\/index.php?rest_route=%2Fwp%2Fv2%2Ftags&post=7351"}],"curies":[{"name":"wp","href":"https:\/\/api.w.org\/{rel}","templated":true}]}}